{"id":291,"date":"2023-04-09T11:46:30","date_gmt":"2023-04-09T11:46:30","guid":{"rendered":"https:\/\/guadixciudadxxi.es\/?p=291"},"modified":"2023-04-09T11:54:39","modified_gmt":"2023-04-09T11:54:39","slug":"el-psoe-de-guadix-aprueba-por-unanimidad-la-lista-que-encabeza-belen-porcel-para-las-elecciones-municipales-2023","status":"publish","type":"post","link":"https:\/\/guadixciudadxxi.es\/?p=291","title":{"rendered":"El PSOE de Guadix aprueba por unanimidad la lista que encabeza Bel\u00e9n Porcel para las Elecciones Municipales 2023"},"content":{"rendered":"\n<p><strong><em>\u201cEs una lista renovada, que tiene ilusi\u00f3n, fuerza y compromiso\u201d<\/em>, destaca la candidata socialista a la Alcald\u00eda de Guadix.<\/strong><\/p>\n\n\n\n<figure class=\"wp-block-image size-large\"><img loading=\"lazy\" decoding=\"async\" width=\"1024\" height=\"683\" src=\"https:\/\/guadixciudadxxi.es\/wp-content\/uploads\/2023\/04\/AD8A7982-1-1024x683.jpg\" alt=\"\" class=\"wp-image-294\" srcset=\"https:\/\/guadixciudadxxi.es\/wp-content\/uploads\/2023\/04\/AD8A7982-1-1024x683.jpg 1024w, https:\/\/guadixciudadxxi.es\/wp-content\/uploads\/2023\/04\/AD8A7982-1-300x200.jpg 300w, https:\/\/guadixciudadxxi.es\/wp-content\/uploads\/2023\/04\/AD8A7982-1-768x512.jpg 768w, https:\/\/guadixciudadxxi.es\/wp-content\/uploads\/2023\/04\/AD8A7982-1-1536x1024.jpg 1536w, https:\/\/guadixciudadxxi.es\/wp-content\/uploads\/2023\/04\/AD8A7982-1-2048x1365.jpg 2048w, https:\/\/guadixciudadxxi.es\/wp-content\/uploads\/2023\/04\/AD8A7982-1-1000x667.jpg 1000w, https:\/\/guadixciudadxxi.es\/wp-content\/uploads\/2023\/04\/AD8A7982-1-230x153.jpg 230w, https:\/\/guadixciudadxxi.es\/wp-content\/uploads\/2023\/04\/AD8A7982-1-350x233.jpg 350w, https:\/\/guadixciudadxxi.es\/wp-content\/uploads\/2023\/04\/AD8A7982-1-480x320.jpg 480w\" sizes=\"auto, (max-width: 1024px) 100vw, 1024px\" \/><\/figure>\n\n\n\n<p>El PSOE de Guadix ha aprobado por unanimidad la lista que acompa\u00f1ar\u00e1 a la candidata a la Alcald\u00eda, Bel\u00e9n Porcel, en las pr\u00f3ximas Elecciones Municipales. Es, en palabras de la candidata socialista,<em> <strong>\u201cuna lista renovada, que tiene ilusi\u00f3n, fuerza y compromiso\u201d.<\/strong><\/em><\/p>\n\n\n\n<p><em>\u201cMe presento como candidata a la Alcald\u00eda con un grupo de hombres y mujeres que se va a dejar la piel por nuestra ciudad, con el \u00fanico objetivo de trabajar desde los principios socialistas para mejorar la vida de las personas. Una lista para transformar este partido en la fuerza para ganar Guadix\u201d<\/em>, afirm\u00f3 Bel\u00e9n Porcel durante la Asamblea celebrada el viernes y a la que asisti\u00f3 la vicesecretaria general del PSOE de Granada, Olga Manzano.<\/p>\n\n\n\n<figure class=\"wp-block-image size-large is-style-default\"><img loading=\"lazy\" decoding=\"async\" width=\"1024\" height=\"683\" src=\"https:\/\/guadixciudadxxi.es\/wp-content\/uploads\/2023\/04\/AD8A7768-1024x683.jpg\" alt=\"\" class=\"wp-image-293\" srcset=\"https:\/\/guadixciudadxxi.es\/wp-content\/uploads\/2023\/04\/AD8A7768-1024x683.jpg 1024w, https:\/\/guadixciudadxxi.es\/wp-content\/uploads\/2023\/04\/AD8A7768-300x200.jpg 300w, https:\/\/guadixciudadxxi.es\/wp-content\/uploads\/2023\/04\/AD8A7768-768x512.jpg 768w, https:\/\/guadixciudadxxi.es\/wp-content\/uploads\/2023\/04\/AD8A7768-1536x1024.jpg 1536w, https:\/\/guadixciudadxxi.es\/wp-content\/uploads\/2023\/04\/AD8A7768-2048x1365.jpg 2048w, https:\/\/guadixciudadxxi.es\/wp-content\/uploads\/2023\/04\/AD8A7768-1000x667.jpg 1000w, https:\/\/guadixciudadxxi.es\/wp-content\/uploads\/2023\/04\/AD8A7768-230x153.jpg 230w, https:\/\/guadixciudadxxi.es\/wp-content\/uploads\/2023\/04\/AD8A7768-350x233.jpg 350w, https:\/\/guadixciudadxxi.es\/wp-content\/uploads\/2023\/04\/AD8A7768-480x320.jpg 480w\" sizes=\"auto, (max-width: 1024px) 100vw, 1024px\" \/><\/figure>\n\n\n\n<p>Como n\u00famero dos se incorpora Manuel Jabalera Rodr\u00edguez, al que siguen Marisol L\u00f3pez Fern\u00e1ndez, Pablo Aranda y Alba Membrilla Esteban, junto a Jos\u00e9 Molero Garc\u00eda y Emilio Jos\u00e9 Vico Cruz.<\/p>\n\n\n\n<p><em>\u201cQuiero agradecerles su valent\u00eda, sus ganas, su fuerza y su compromiso con este partido y esta ciudad. Creo que es una buena lista, es gente preparada, nos vamos a dejar la piel por ganar las pr\u00f3ximas elecciones y estoy segura de que as\u00ed lo vamos a conseguir\u201d<\/em>, resalt\u00f3 Bel\u00e9n Porcel. De los hombres y mujeres que forman parte de la candidatura, destac\u00f3 que<em> \u201caman Guadix por encima de todo, y creen necesario un proyecto cre\u00edble para la ciudad\u201d.<\/em><\/p>\n\n\n\n<figure class=\"wp-block-gallery has-nested-images columns-default is-cropped wp-block-gallery-1 is-layout-flex wp-block-gallery-is-layout-flex\">\n<figure class=\"wp-block-image size-large is-style-default\"><img loading=\"lazy\" decoding=\"async\" width=\"1024\" height=\"683\" data-id=\"300\" src=\"https:\/\/guadixciudadxxi.es\/wp-content\/uploads\/2023\/04\/AD8A7699-1024x683.jpg\" alt=\"\" class=\"wp-image-300\" srcset=\"https:\/\/guadixciudadxxi.es\/wp-content\/uploads\/2023\/04\/AD8A7699-1024x683.jpg 1024w, https:\/\/guadixciudadxxi.es\/wp-content\/uploads\/2023\/04\/AD8A7699-300x200.jpg 300w, https:\/\/guadixciudadxxi.es\/wp-content\/uploads\/2023\/04\/AD8A7699-768x512.jpg 768w, https:\/\/guadixciudadxxi.es\/wp-content\/uploads\/2023\/04\/AD8A7699-1536x1024.jpg 1536w, https:\/\/guadixciudadxxi.es\/wp-content\/uploads\/2023\/04\/AD8A7699-2048x1365.jpg 2048w, https:\/\/guadixciudadxxi.es\/wp-content\/uploads\/2023\/04\/AD8A7699-1000x667.jpg 1000w, https:\/\/guadixciudadxxi.es\/wp-content\/uploads\/2023\/04\/AD8A7699-230x153.jpg 230w, https:\/\/guadixciudadxxi.es\/wp-content\/uploads\/2023\/04\/AD8A7699-350x233.jpg 350w, https:\/\/guadixciudadxxi.es\/wp-content\/uploads\/2023\/04\/AD8A7699-480x320.jpg 480w\" sizes=\"auto, (max-width: 1024px) 100vw, 1024px\" \/><\/figure>\n\n\n\n<figure class=\"wp-block-image size-large\"><img loading=\"lazy\" decoding=\"async\" width=\"1024\" height=\"683\" data-id=\"299\" src=\"https:\/\/guadixciudadxxi.es\/wp-content\/uploads\/2023\/04\/AD8A7748-1024x683.jpg\" alt=\"\" class=\"wp-image-299\" srcset=\"https:\/\/guadixciudadxxi.es\/wp-content\/uploads\/2023\/04\/AD8A7748-1024x683.jpg 1024w, https:\/\/guadixciudadxxi.es\/wp-content\/uploads\/2023\/04\/AD8A7748-300x200.jpg 300w, https:\/\/guadixciudadxxi.es\/wp-content\/uploads\/2023\/04\/AD8A7748-768x512.jpg 768w, https:\/\/guadixciudadxxi.es\/wp-content\/uploads\/2023\/04\/AD8A7748-1536x1024.jpg 1536w, https:\/\/guadixciudadxxi.es\/wp-content\/uploads\/2023\/04\/AD8A7748-2048x1365.jpg 2048w, https:\/\/guadixciudadxxi.es\/wp-content\/uploads\/2023\/04\/AD8A7748-1000x667.jpg 1000w, https:\/\/guadixciudadxxi.es\/wp-content\/uploads\/2023\/04\/AD8A7748-230x153.jpg 230w, https:\/\/guadixciudadxxi.es\/wp-content\/uploads\/2023\/04\/AD8A7748-350x233.jpg 350w, https:\/\/guadixciudadxxi.es\/wp-content\/uploads\/2023\/04\/AD8A7748-480x320.jpg 480w\" sizes=\"auto, (max-width: 1024px) 100vw, 1024px\" \/><\/figure>\n\n\n\n<figure class=\"wp-block-image size-large\"><img loading=\"lazy\" decoding=\"async\" width=\"1024\" height=\"683\" data-id=\"296\" src=\"https:\/\/guadixciudadxxi.es\/wp-content\/uploads\/2023\/04\/AD8A7918-1024x683.jpg\" alt=\"\" class=\"wp-image-296\" srcset=\"https:\/\/guadixciudadxxi.es\/wp-content\/uploads\/2023\/04\/AD8A7918-1024x683.jpg 1024w, https:\/\/guadixciudadxxi.es\/wp-content\/uploads\/2023\/04\/AD8A7918-300x200.jpg 300w, https:\/\/guadixciudadxxi.es\/wp-content\/uploads\/2023\/04\/AD8A7918-768x512.jpg 768w, https:\/\/guadixciudadxxi.es\/wp-content\/uploads\/2023\/04\/AD8A7918-1536x1024.jpg 1536w, https:\/\/guadixciudadxxi.es\/wp-content\/uploads\/2023\/04\/AD8A7918-2048x1365.jpg 2048w, https:\/\/guadixciudadxxi.es\/wp-content\/uploads\/2023\/04\/AD8A7918-1000x667.jpg 1000w, https:\/\/guadixciudadxxi.es\/wp-content\/uploads\/2023\/04\/AD8A7918-230x153.jpg 230w, https:\/\/guadixciudadxxi.es\/wp-content\/uploads\/2023\/04\/AD8A7918-350x233.jpg 350w, https:\/\/guadixciudadxxi.es\/wp-content\/uploads\/2023\/04\/AD8A7918-480x320.jpg 480w\" sizes=\"auto, (max-width: 1024px) 100vw, 1024px\" \/><\/figure>\n\n\n\n<figure class=\"wp-block-image size-large\"><img loading=\"lazy\" decoding=\"async\" width=\"1024\" height=\"683\" data-id=\"301\" src=\"https:\/\/guadixciudadxxi.es\/wp-content\/uploads\/2023\/04\/AD8A8018-1024x683.jpg\" alt=\"\" class=\"wp-image-301\" srcset=\"https:\/\/guadixciudadxxi.es\/wp-content\/uploads\/2023\/04\/AD8A8018-1024x683.jpg 1024w, https:\/\/guadixciudadxxi.es\/wp-content\/uploads\/2023\/04\/AD8A8018-300x200.jpg 300w, https:\/\/guadixciudadxxi.es\/wp-content\/uploads\/2023\/04\/AD8A8018-768x512.jpg 768w, https:\/\/guadixciudadxxi.es\/wp-content\/uploads\/2023\/04\/AD8A8018-1536x1024.jpg 1536w, https:\/\/guadixciudadxxi.es\/wp-content\/uploads\/2023\/04\/AD8A8018-2048x1365.jpg 2048w, https:\/\/guadixciudadxxi.es\/wp-content\/uploads\/2023\/04\/AD8A8018-1000x667.jpg 1000w, https:\/\/guadixciudadxxi.es\/wp-content\/uploads\/2023\/04\/AD8A8018-230x153.jpg 230w, https:\/\/guadixciudadxxi.es\/wp-content\/uploads\/2023\/04\/AD8A8018-350x233.jpg 350w, https:\/\/guadixciudadxxi.es\/wp-content\/uploads\/2023\/04\/AD8A8018-480x320.jpg 480w\" sizes=\"auto, (max-width: 1024px) 100vw, 1024px\" \/><\/figure>\n\n\n\n<figure class=\"wp-block-image size-large\"><img loading=\"lazy\" decoding=\"async\" width=\"1024\" height=\"683\" data-id=\"297\" src=\"https:\/\/guadixciudadxxi.es\/wp-content\/uploads\/2023\/04\/AD8A8001-1024x683.jpg\" alt=\"\" class=\"wp-image-297\" srcset=\"https:\/\/guadixciudadxxi.es\/wp-content\/uploads\/2023\/04\/AD8A8001-1024x683.jpg 1024w, https:\/\/guadixciudadxxi.es\/wp-content\/uploads\/2023\/04\/AD8A8001-300x200.jpg 300w, https:\/\/guadixciudadxxi.es\/wp-content\/uploads\/2023\/04\/AD8A8001-768x512.jpg 768w, https:\/\/guadixciudadxxi.es\/wp-content\/uploads\/2023\/04\/AD8A8001-1536x1024.jpg 1536w, https:\/\/guadixciudadxxi.es\/wp-content\/uploads\/2023\/04\/AD8A8001-2048x1365.jpg 2048w, https:\/\/guadixciudadxxi.es\/wp-content\/uploads\/2023\/04\/AD8A8001-1000x667.jpg 1000w, https:\/\/guadixciudadxxi.es\/wp-content\/uploads\/2023\/04\/AD8A8001-230x153.jpg 230w, https:\/\/guadixciudadxxi.es\/wp-content\/uploads\/2023\/04\/AD8A8001-350x233.jpg 350w, https:\/\/guadixciudadxxi.es\/wp-content\/uploads\/2023\/04\/AD8A8001-480x320.jpg 480w\" sizes=\"auto, (max-width: 1024px) 100vw, 1024px\" \/><\/figure>\n\n\n\n<figure class=\"wp-block-image size-large\"><img loading=\"lazy\" decoding=\"async\" width=\"1024\" height=\"683\" data-id=\"298\" src=\"https:\/\/guadixciudadxxi.es\/wp-content\/uploads\/2023\/04\/AD8A8029-1024x683.jpg\" alt=\"\" class=\"wp-image-298\" srcset=\"https:\/\/guadixciudadxxi.es\/wp-content\/uploads\/2023\/04\/AD8A8029-1024x683.jpg 1024w, https:\/\/guadixciudadxxi.es\/wp-content\/uploads\/2023\/04\/AD8A8029-300x200.jpg 300w, https:\/\/guadixciudadxxi.es\/wp-content\/uploads\/2023\/04\/AD8A8029-768x512.jpg 768w, https:\/\/guadixciudadxxi.es\/wp-content\/uploads\/2023\/04\/AD8A8029-1536x1024.jpg 1536w, https:\/\/guadixciudadxxi.es\/wp-content\/uploads\/2023\/04\/AD8A8029-2048x1365.jpg 2048w, https:\/\/guadixciudadxxi.es\/wp-content\/uploads\/2023\/04\/AD8A8029-1000x667.jpg 1000w, https:\/\/guadixciudadxxi.es\/wp-content\/uploads\/2023\/04\/AD8A8029-230x153.jpg 230w, https:\/\/guadixciudadxxi.es\/wp-content\/uploads\/2023\/04\/AD8A8029-350x233.jpg 350w, https:\/\/guadixciudadxxi.es\/wp-content\/uploads\/2023\/04\/AD8A8029-480x320.jpg 480w\" sizes=\"auto, (max-width: 1024px) 100vw, 1024px\" \/><\/figure>\n\n\n\n<figure class=\"wp-block-image size-large\"><img loading=\"lazy\" decoding=\"async\" width=\"1024\" height=\"683\" data-id=\"295\" src=\"https:\/\/guadixciudadxxi.es\/wp-content\/uploads\/2023\/04\/AD8A7852-1024x683.jpg\" alt=\"\" class=\"wp-image-295\" srcset=\"https:\/\/guadixciudadxxi.es\/wp-content\/uploads\/2023\/04\/AD8A7852-1024x683.jpg 1024w, https:\/\/guadixciudadxxi.es\/wp-content\/uploads\/2023\/04\/AD8A7852-300x200.jpg 300w, https:\/\/guadixciudadxxi.es\/wp-content\/uploads\/2023\/04\/AD8A7852-768x512.jpg 768w, https:\/\/guadixciudadxxi.es\/wp-content\/uploads\/2023\/04\/AD8A7852-1536x1024.jpg 1536w, https:\/\/guadixciudadxxi.es\/wp-content\/uploads\/2023\/04\/AD8A7852-2048x1365.jpg 2048w, https:\/\/guadixciudadxxi.es\/wp-content\/uploads\/2023\/04\/AD8A7852-1000x667.jpg 1000w, https:\/\/guadixciudadxxi.es\/wp-content\/uploads\/2023\/04\/AD8A7852-230x153.jpg 230w, https:\/\/guadixciudadxxi.es\/wp-content\/uploads\/2023\/04\/AD8A7852-350x233.jpg 350w, https:\/\/guadixciudadxxi.es\/wp-content\/uploads\/2023\/04\/AD8A7852-480x320.jpg 480w\" sizes=\"auto, (max-width: 1024px) 100vw, 1024px\" \/><\/figure>\n\n\n\n<figure class=\"wp-block-image size-large\"><img loading=\"lazy\" decoding=\"async\" width=\"1024\" height=\"683\" data-id=\"302\" src=\"https:\/\/guadixciudadxxi.es\/wp-content\/uploads\/2023\/04\/AD8A8053-1024x683.jpg\" alt=\"\" class=\"wp-image-302\" srcset=\"https:\/\/guadixciudadxxi.es\/wp-content\/uploads\/2023\/04\/AD8A8053-1024x683.jpg 1024w, https:\/\/guadixciudadxxi.es\/wp-content\/uploads\/2023\/04\/AD8A8053-300x200.jpg 300w, https:\/\/guadixciudadxxi.es\/wp-content\/uploads\/2023\/04\/AD8A8053-768x512.jpg 768w, https:\/\/guadixciudadxxi.es\/wp-content\/uploads\/2023\/04\/AD8A8053-1536x1024.jpg 1536w, https:\/\/guadixciudadxxi.es\/wp-content\/uploads\/2023\/04\/AD8A8053-2048x1365.jpg 2048w, https:\/\/guadixciudadxxi.es\/wp-content\/uploads\/2023\/04\/AD8A8053-1000x667.jpg 1000w, https:\/\/guadixciudadxxi.es\/wp-content\/uploads\/2023\/04\/AD8A8053-230x153.jpg 230w, https:\/\/guadixciudadxxi.es\/wp-content\/uploads\/2023\/04\/AD8A8053-350x233.jpg 350w, https:\/\/guadixciudadxxi.es\/wp-content\/uploads\/2023\/04\/AD8A8053-480x320.jpg 480w\" sizes=\"auto, (max-width: 1024px) 100vw, 1024px\" \/><\/figure>\n<\/figure>\n\n\n\n<p><strong><em>\u201cGuadix necesita ilusi\u00f3n y creer en sus posibilidades\u201d<\/em><\/strong>, enfatiz\u00f3 Bel\u00e9n Porcel para a\u00f1adir que la ciudad <em>\u201cquiere y puede llegar m\u00e1s lejos y esto solo se puede conseguir si el PSOE gana la Alcald\u00eda\u201d<\/em> e insistir en que seguir\u00e1n planteando propuestas en positivo.<\/p>\n\n\n\n<p>Por su parte, Olga Manzano transmiti\u00f3 el respaldo de la Ejecutiva Provincial y elogi\u00f3 al equipo que conforma la candidatura de Guadix. \u201c<em>Se respira ilusi\u00f3n<\/em>\u201d, resalt\u00f3 para animarles, ante el 28 de mayo, a <em>\u201cparar el antimunicipalismo en el que est\u00e1n instalados el presidente de la Junta y sus consejeros y consejeras\u201d.<\/em><\/p>\n\n\n\n<p><strong>Candidatura PSOE Guadix Elecciones Municipales:<\/strong><\/p>\n\n\n\n<ol class=\"wp-block-list\">\n<li>Bel\u00e9n Porcel G\u00e1lvez.<\/li>\n\n\n\n<li>Manuel Jabalera Rodr\u00edguez.<\/li>\n\n\n\n<li>Marisol L\u00f3pez Fern\u00e1ndez.<\/li>\n\n\n\n<li>Pablo Aranda L\u00f3pez.<\/li>\n\n\n\n<li>Alba Membrilla Esteban.<\/li>\n\n\n\n<li>Jos\u00e9 Molero Garc\u00eda.<\/li>\n\n\n\n<li>Emilio Jos\u00e9 Vico Cruz.<\/li>\n\n\n\n<li>Marta Delgado Tauste.<\/li>\n\n\n\n<li>Joaqu\u00edn Moreno Carmona.<\/li>\n\n\n\n<li>Elisa Isabel Garc\u00eda Zoyo.<\/li>\n\n\n\n<li>Juan Francisco Monedero.<\/li>\n\n\n\n<li>Mar\u00eda Jes\u00fas Ram\u00edrez Rayo.<\/li>\n\n\n\n<li>Jos\u00e9 Marcos Ram\u00edrez.<\/li>\n\n\n\n<li>Ana Puertas Morillas.<\/li>\n\n\n\n<li>Sergio Contreras V\u00edlchez.<\/li>\n\n\n\n<li>Candela Ortiz Delgado.<\/li>\n\n\n\n<li>Ignacio Mart\u00ednez Garc\u00eda.<\/li>\n<\/ol>\n\n\n\n<hr class=\"wp-block-separator has-alpha-channel-opacity\"\/>\n\n\n\n<ol class=\"wp-block-list\" start=\"18\">\n<li>Encarnaci\u00f3n Membrilla S\u00e1nchez.<\/li>\n\n\n\n<li>Manuel Requena Melgares.<\/li>\n\n\n\n<li>Mar\u00eda Garc\u00eda Hern\u00e1ndez.<\/li>\n<\/ol>\n\n\n\n<p><\/p>\n\n\n\n<p><\/p>\n\n\n\n<p><\/p>\n\n\n\n<p><\/p>\n","protected":false},"excerpt":{"rendered":"<p>\u201cEs una lista renovada, que tiene ilusi\u00f3n, fuerza y compromiso\u201d, destaca la candidata socialista a la Alcald\u00eda de Guadix. El PSOE de [&hellip;]<\/p>\n","protected":false},"author":3,"featured_media":293,"comment_status":"open","ping_status":"","sticky":false,"template":"","format":"standard","meta":{"footnotes":""},"categories":[1],"tags":[6,5],"class_list":["post-291","post","type-post","status-publish","format-standard","has-post-thumbnail","hentry","category-uncategorized","tag-guadix","tag-psoe-guadix"],"_links":{"self":[{"href":"https:\/\/guadixciudadxxi.es\/index.php?rest_route=\/wp\/v2\/posts\/291","targetHints":{"allow":["GET"]}}],"collection":[{"href":"https:\/\/guadixciudadxxi.es\/index.php?rest_route=\/wp\/v2\/posts"}],"about":[{"href":"https:\/\/guadixciudadxxi.es\/index.php?rest_route=\/wp\/v2\/types\/post"}],"author":[{"embeddable":true,"href":"https:\/\/guadixciudadxxi.es\/index.php?rest_route=\/wp\/v2\/users\/3"}],"replies":[{"embeddable":true,"href":"https:\/\/guadixciudadxxi.es\/index.php?rest_route=%2Fwp%2Fv2%2Fcomments&post=291"}],"version-history":[{"count":1,"href":"https:\/\/guadixciudadxxi.es\/index.php?rest_route=\/wp\/v2\/posts\/291\/revisions"}],"predecessor-version":[{"id":304,"href":"https:\/\/guadixciudadxxi.es\/index.php?rest_route=\/wp\/v2\/posts\/291\/revisions\/304"}],"wp:featuredmedia":[{"embeddable":true,"href":"https:\/\/guadixciudadxxi.es\/index.php?rest_route=\/wp\/v2\/media\/293"}],"wp:attachment":[{"href":"https:\/\/guadixciudadxxi.es\/index.php?rest_route=%2Fwp%2Fv2%2Fmedia&parent=291"}],"wp:term":[{"taxonomy":"category","embeddable":true,"href":"https:\/\/guadixciudadxxi.es\/index.php?rest_route=%2Fwp%2Fv2%2Fcategories&post=291"},{"taxonomy":"post_tag","embeddable":true,"href":"https:\/\/guadixciudadxxi.es\/index.php?rest_route=%2Fwp%2Fv2%2Ftags&post=291"}],"curies":[{"name":"wp","href":"https:\/\/api.w.org\/{rel}","templated":true}]}}